{"id":724,"date":"2021-12-17T09:02:08","date_gmt":"2021-12-17T09:02:08","guid":{"rendered":"https:\/\/www.parroquiasantrocoliva.com\/concierto-de-la-orquesta-clasica-de-la-asociacion-artistico-musical-de-oliva-8-de-enero\/"},"modified":"2021-12-17T09:02:08","modified_gmt":"2021-12-17T09:02:08","slug":"concierto-de-la-orquesta-clasica-de-la-asociacion-artistico-musical-de-oliva-8-de-enero","status":"publish","type":"post","link":"https:\/\/www.parroquiasantrocoliva.com\/es\/concierto-de-la-orquesta-clasica-de-la-asociacion-artistico-musical-de-oliva-8-de-enero\/","title":{"rendered":"Concierto de La orquesta cl\u00e1sica de la asociaci\u00f3n art\u00edstico musical de Oliva 8 de Enero"},"content":{"rendered":"<p><img loading=\"lazy\" src=\"https:\/\/www.parroquiasantrocoliva.com\/wp-content\/uploads\/2021\/12\/PHOTO-2021-12-14-15-05-50.jpg\" alt=\"\" width=\"1024\" height=\"768\" class=\"alignnone size-full wp-image-722\" srcset=\"https:\/\/www.parroquiasantrocoliva.com\/wp-content\/uploads\/2021\/12\/PHOTO-2021-12-14-15-05-50.jpg 1024w, https:\/\/www.parroquiasantrocoliva.com\/wp-content\/uploads\/2021\/12\/PHOTO-2021-12-14-15-05-50-980x735.jpg 980w, https:\/\/www.parroquiasantrocoliva.com\/wp-content\/uploads\/2021\/12\/PHOTO-2021-12-14-15-05-50-480x360.jpg 480w\" sizes=\"(min-width: 0px) and (max-width: 480px) 480px, (min-width: 481px) and (max-width: 980px) 980px, (min-width: 981px) 1024px, 100vw\" \/><\/p>\n<p>La orquesta cl\u00e1sica de la asociaci\u00f3n art\u00edstico musical de Oliva quiere dar un concierto el d\u00eda 8 de enero que es s\u00e1bado. Al terminar la misa 19.30h<\/p>\n","protected":false},"excerpt":{"rendered":"<p>La orquesta cl\u00e1sica de la asociaci\u00f3n art\u00edstico musical de Oliva quiere dar un concierto el d\u00eda 8 de enero que es s\u00e1bado. Al terminar la misa 19.30h<\/p>\n","protected":false},"author":1,"featured_media":0,"comment_status":"closed","ping_status":"closed","sticky":false,"template":"","format":"standard","meta":{"_et_pb_use_builder":"","_et_pb_old_content":"","_et_gb_content_width":""},"categories":[14,19],"tags":[],"_links":{"self":[{"href":"https:\/\/www.parroquiasantrocoliva.com\/es\/wp-json\/wp\/v2\/posts\/724"}],"collection":[{"href":"https:\/\/www.parroquiasantrocoliva.com\/es\/wp-json\/wp\/v2\/posts"}],"about":[{"href":"https:\/\/www.parroquiasantrocoliva.com\/es\/wp-json\/wp\/v2\/types\/post"}],"author":[{"embeddable":true,"href":"https:\/\/www.parroquiasantrocoliva.com\/es\/wp-json\/wp\/v2\/users\/1"}],"replies":[{"embeddable":true,"href":"https:\/\/www.parroquiasantrocoliva.com\/es\/wp-json\/wp\/v2\/comments?post=724"}],"version-history":[{"count":0,"href":"https:\/\/www.parroquiasantrocoliva.com\/es\/wp-json\/wp\/v2\/posts\/724\/revisions"}],"wp:attachment":[{"href":"https:\/\/www.parroquiasantrocoliva.com\/es\/wp-json\/wp\/v2\/media?parent=724"}],"wp:term":[{"taxonomy":"category","embeddable":true,"href":"https:\/\/www.parroquiasantrocoliva.com\/es\/wp-json\/wp\/v2\/categories?post=724"},{"taxonomy":"post_tag","embeddable":true,"href":"https:\/\/www.parroquiasantrocoliva.com\/es\/wp-json\/wp\/v2\/tags?post=724"}],"curies":[{"name":"wp","href":"https:\/\/api.w.org\/{rel}","templated":true}]}}